{"id":4255,"date":"2025-01-02T12:11:12","date_gmt":"2025-01-02T15:11:12","guid":{"rendered":"https:\/\/www.adcsapem.com.ar\/?p=4255"},"modified":"2025-01-02T12:11:12","modified_gmt":"2025-01-02T15:11:12","slug":"inauguracion-de-las-vertientes-el-durazno-y-la-vina","status":"publish","type":"post","link":"https:\/\/www.adcsapem.com.ar\/?p=4255","title":{"rendered":"Inauguraci\u00f3n de las vertientes \u00abEl Durazno\u00bb y \u00abLa Vi\u00f1a"},"content":{"rendered":"\n<p>Aguas de Catamarca y el Consorcio de Agua de Trampasacha celebraron la inauguraci\u00f3n de la puesta en valor de las vertientes \u00abEl Durazno\u00bb y \u00abLa Vi\u00f1a\u00bb, un proyecto emblem\u00e1tico que marca un importante avance en el acceso y distribuci\u00f3n del agua para la comunidad del departamento Capay\u00e1n.<\/p>\n\n\n\n<p>El evento cont\u00f3 con la participaci\u00f3n de autoridades clave, trabajadores y vecinos que se reunieron para celebrar esta obra que mejora significativamente el servicio en la localidad. Por parte del Consorcio de Agua de Trampasacha asistieron Olga de P\u00e9rez, integrante y vecina de la comunidad, y Julio Vega, encargado de la obra y administrador del consorcio. En representaci\u00f3n de Aguas de Catamarca estuvieron presentes la arquitecta Ivana Varas, gerenta general, Rosario Amayo, gerenta de obra, y Alejandro Seco, ingeniero jefe de obra. Tambi\u00e9n se sumaron el intendente de Chumbicha, Alfredo Hoffman, concejales, y una amplia concurrencia de vecinos.<\/p>\n\n\n\n<p>Durante el acto, Olga de P\u00e9rez expres\u00f3 su profundo agradecimiento:<\/p>\n\n\n\n<p><em>\u00abComo administradora de agua y vecina de nuestra localidad, estamos muy agradecidos por el acompa\u00f1amiento que hemos recibido. Esta obra naci\u00f3 por la terrible falta de agua que nos afectaba tras una cat\u00e1strofe natural. A trav\u00e9s del Ministro Niederle, recibimos un &#8216;s\u00ed&#8217; muy fuerte, que nos permiti\u00f3 iniciar este proyecto con la ayuda del Gerente del Interior, Jorge Spolidor, y el apoyo de ingenieros y supervisores. Esta obra no solo beneficia el riego, sino tambi\u00e9n el agua potable que consumimos en toda la localidad. Es un modelo a seguir: pueblo y gobierno trabajando juntos pueden lograr grandes cosas.\u00bb<\/em><\/p>\n\n\n\n<p><em>Por su parte, Julio Vega, encargado de la obra y vecino de la comunidad, comparti\u00f3 emocionado:<\/em><\/p>\n\n\n\n<p><em>\u00abEsto es un sue\u00f1o hecho realidad. Desde hace m\u00e1s de 50 a\u00f1os, las familias de nuestra localidad hemos so\u00f1ado con esta obra. Recuerdo a mi padre, quien siempre pidi\u00f3 y luch\u00f3 por esto, pero no logr\u00f3 verlo. Ahora, con 63 a\u00f1os, puedo decir que finalmente se concret\u00f3 algo por lo que hemos hablado y solicitado a todas las autoridades durante tanto tiempo.\u00bb<\/em><\/p>\n\n\n\n<p>En reconocimiento a los esfuerzos conjuntos, se entregaron diplomas de reconocimiento y menciones especiales a los trabajadores y autoridades del Consorcio de Agua de Trampasacha. Tambi\u00e9n se proyect\u00f3 un video que mostr\u00f3 en detalle c\u00f3mo se desarroll\u00f3 la obra, destacando los desaf\u00edos superados y los logros alcanzados gracias al esfuerzo compartido.<\/p>\n\n\n\n<p>El proyecto, que incluy\u00f3 la instalaci\u00f3n de mangueras PEAD de 90 mm y la puesta en valor de las vertientes, fue realizado con el apoyo del Ministerio de Agua, Energ\u00eda y Medio Ambiente, encabezado por el ministro Niederle, y con el compromiso del Consorcio de Agua de Trampasacha, liderado por Julio Vega.<\/p>\n\n\n\n<p>Esta obra, no solo representa una mejora inmediata en la calidad de vida de los vecinos de Trampasacha, sino tambi\u00e9n un ejemplo inspirador de c\u00f3mo el esfuerzo conjunto entre comunidad y gobierno puede superar grandes desaf\u00edos y construir un futuro mejor para todos.<\/p>\n","protected":false},"excerpt":{"rendered":"<p>Aguas de Catamarca y el Consorcio de Agua de Trampasacha celebraron la inauguraci\u00f3n de la puesta en valor de las vertientes \u00abEl Durazno\u00bb y \u00abLa Vi\u00f1a\u00bb, un proyecto emblem\u00e1tico que marca un importante avance en el acceso y distribuci\u00f3n del agua para la comunidad del departamento Capay\u00e1n. El evento cont\u00f3 con la participaci\u00f3n de autoridades30<\/p>\n","protected":false},"author":8,"featured_media":0,"comment_status":"closed","ping_status":"open","sticky":false,"template":"","format":"standard","meta":{"footnotes":""},"categories":[5],"tags":[],"_links":{"self":[{"href":"https:\/\/www.adcsapem.com.ar\/index.php?rest_route=\/wp\/v2\/posts\/4255"}],"collection":[{"href":"https:\/\/www.adcsapem.com.ar\/index.php?rest_route=\/wp\/v2\/posts"}],"about":[{"href":"https:\/\/www.adcsapem.com.ar\/index.php?rest_route=\/wp\/v2\/types\/post"}],"author":[{"embeddable":true,"href":"https:\/\/www.adcsapem.com.ar\/index.php?rest_route=\/wp\/v2\/users\/8"}],"replies":[{"embeddable":true,"href":"https:\/\/www.adcsapem.com.ar\/index.php?rest_route=%2Fwp%2Fv2%2Fcomments&post=4255"}],"version-history":[{"count":1,"href":"https:\/\/www.adcsapem.com.ar\/index.php?rest_route=\/wp\/v2\/posts\/4255\/revisions"}],"predecessor-version":[{"id":4256,"href":"https:\/\/www.adcsapem.com.ar\/index.php?rest_route=\/wp\/v2\/posts\/4255\/revisions\/4256"}],"wp:attachment":[{"href":"https:\/\/www.adcsapem.com.ar\/index.php?rest_route=%2Fwp%2Fv2%2Fmedia&parent=4255"}],"wp:term":[{"taxonomy":"category","embeddable":true,"href":"https:\/\/www.adcsapem.com.ar\/index.php?rest_route=%2Fwp%2Fv2%2Fcategories&post=4255"},{"taxonomy":"post_tag","embeddable":true,"href":"https:\/\/www.adcsapem.com.ar\/index.php?rest_route=%2Fwp%2Fv2%2Ftags&post=4255"}],"curies":[{"name":"wp","href":"https:\/\/api.w.org\/{rel}","templated":true}]}}