{"id":4599,"date":"2026-03-16T12:14:42","date_gmt":"2026-03-16T15:14:42","guid":{"rendered":"https:\/\/www.adcsapem.com.ar\/?p=4599"},"modified":"2026-03-16T12:14:42","modified_gmt":"2026-03-16T15:14:42","slug":"finalizo-la-reparacion-de-una-de-las-canerias-de-impulsion-afectadas-por-la-crecida-del-rio-del-valle","status":"publish","type":"post","link":"https:\/\/www.adcsapem.com.ar\/?p=4599","title":{"rendered":"Finaliz\u00f3 la reparaci\u00f3n de una de las ca\u00f1er\u00edas de impulsi\u00f3n afectadas por la crecida del R\u00edo del Valle"},"content":{"rendered":"\n<p><\/p>\n\n\n\n<p>Aguas de Catamarca informa que finaliz\u00f3 con \u00e9xito la reparaci\u00f3n de la ca\u00f1er\u00eda de impulsi\u00f3n de 400mm correspondiente al Pozo 55, una de las infraestructuras da\u00f1adas por la reciente crecida del R\u00edo del Valle.<\/p>\n\n\n\n<p>Con la puesta en funcionamiento de esta impulsi\u00f3n, comenzar\u00e1n a recuperar progresivamente los niveles del servicio los barrios 20 de Marzo, Acu\u00f1a Is\u00ed, San Antonio Sur, San Jorge y Loteo L\u00f3pez Bustos, entre otros sectores de la zona sur de la Capital.<\/p>\n\n\n\n<p>Se estima que la recuperaci\u00f3n del servicio se ir\u00e1 produciendo de manera progresiva durante horas de la madrugada. No obstante, podr\u00edan registrarse sectores con baja presi\u00f3n hasta que el sistema alcance su nivel operativo habitual.<\/p>\n\n\n\n<p>La empresa informa adem\u00e1s que continuar\u00e1n las tareas para reparar las otras ca\u00f1er\u00edas de impulsi\u00f3n da\u00f1adas por la crecida del r\u00edo, con el objetivo de recuperar en su totalidad el abastecimiento de agua en la zona sur de la ciudad.<\/p>\n\n\n\n<p>Para consultas o reclamos, los usuarios pueden comunicarse a trav\u00e9s de los canales oficiales:<\/p>\n\n\n\n<p>L\u00ednea telef\u00f3nica: 0800-888-8255 WhatsApp: 383-4900 314<\/p>\n","protected":false},"excerpt":{"rendered":"<p>Aguas de Catamarca informa que finaliz\u00f3 con \u00e9xito la reparaci\u00f3n de la ca\u00f1er\u00eda de impulsi\u00f3n de 400mm correspondiente al Pozo 55, una de las infraestructuras da\u00f1adas por la reciente crecida del R\u00edo del Valle. Con la puesta en funcionamiento de esta impulsi\u00f3n, comenzar\u00e1n a recuperar progresivamente los niveles del servicio los barrios 20 de Marzo,30<\/p>\n","protected":false},"author":4,"featured_media":4600,"comment_status":"closed","ping_status":"open","sticky":false,"template":"","format":"standard","meta":{"footnotes":""},"categories":[5],"tags":[],"_links":{"self":[{"href":"https:\/\/www.adcsapem.com.ar\/index.php?rest_route=\/wp\/v2\/posts\/4599"}],"collection":[{"href":"https:\/\/www.adcsapem.com.ar\/index.php?rest_route=\/wp\/v2\/posts"}],"about":[{"href":"https:\/\/www.adcsapem.com.ar\/index.php?rest_route=\/wp\/v2\/types\/post"}],"author":[{"embeddable":true,"href":"https:\/\/www.adcsapem.com.ar\/index.php?rest_route=\/wp\/v2\/users\/4"}],"replies":[{"embeddable":true,"href":"https:\/\/www.adcsapem.com.ar\/index.php?rest_route=%2Fwp%2Fv2%2Fcomments&post=4599"}],"version-history":[{"count":1,"href":"https:\/\/www.adcsapem.com.ar\/index.php?rest_route=\/wp\/v2\/posts\/4599\/revisions"}],"predecessor-version":[{"id":4601,"href":"https:\/\/www.adcsapem.com.ar\/index.php?rest_route=\/wp\/v2\/posts\/4599\/revisions\/4601"}],"wp:featuredmedia":[{"embeddable":true,"href":"https:\/\/www.adcsapem.com.ar\/index.php?rest_route=\/wp\/v2\/media\/4600"}],"wp:attachment":[{"href":"https:\/\/www.adcsapem.com.ar\/index.php?rest_route=%2Fwp%2Fv2%2Fmedia&parent=4599"}],"wp:term":[{"taxonomy":"category","embeddable":true,"href":"https:\/\/www.adcsapem.com.ar\/index.php?rest_route=%2Fwp%2Fv2%2Fcategories&post=4599"},{"taxonomy":"post_tag","embeddable":true,"href":"https:\/\/www.adcsapem.com.ar\/index.php?rest_route=%2Fwp%2Fv2%2Ftags&post=4599"}],"curies":[{"name":"wp","href":"https:\/\/api.w.org\/{rel}","templated":true}]}}