{"id":4687,"date":"2026-09-01T09:03:14","date_gmt":"2026-09-01T12:03:14","guid":{"rendered":"https:\/\/www.adcsapem.com.ar\/?p=4687"},"modified":"2026-09-01T09:52:36","modified_gmt":"2026-09-01T12:52:36","slug":"aguas-de-catamarca-planifica-acciones-para-fortalecer-el-servicio-en-belen","status":"publish","type":"post","link":"https:\/\/www.adcsapem.com.ar\/?p=4687","title":{"rendered":"Aguas de Catamarca planifica acciones para fortalecer el servicio en Bel\u00e9n"},"content":{"rendered":"\n<p>Con el objetivo de fortalecer los servicios de agua potable y saneamiento de cara a la pr\u00f3xima temporada de verano, Aguas de Catamarca SAPEM particip\u00f3 de una reuni\u00f3n de trabajo junto a autoridades provinciales y municipales para definir las principales acciones y obras a desarrollar en la localidad de Bel\u00e9n.<br>Durante el encuentro se realiz\u00f3 un repaso de las intervenciones ejecutadas de manera conjunta entre el Ministerio de Agua, Energ\u00eda y Medio Ambiente, a cargo del Ing. Eduardo Niederle; Aguas de Catamarca SAPEM y la Municipalidad de Bel\u00e9n. Entre ellas se destacan extensiones de redes de agua potable y desag\u00fces cloacales, renovaci\u00f3n de ca\u00f1er\u00edas y tareas de mantenimiento en perforaciones y plantas.<br>A partir de este an\u00e1lisis, los equipos t\u00e9cnicos avanzaron en la planificaci\u00f3n de nuevas acciones para reforzar el sistema, priorizando el mantenimiento de la infraestructura existente, el incremento de la capacidad de almacenamiento y la puesta en funcionamiento de la planta clarificadora.<br>Estas intervenciones permitir\u00e1n fortalecer la infraestructura sanitaria y mejorar la capacidad de respuesta del sistema ante el incremento de la demanda que se registra durante los meses de verano y la temporada tur\u00edstica.<br>Participaron de la reuni\u00f3n la gerenta general de Aguas de Catamarca SAPEM, Arq. Ivana Varas; el secretario de Agua y Energ\u00eda del Ministerio de Agua, Energ\u00eda y Medio Ambiente, Eduardo D\u00edaz; el intendente de Bel\u00e9n, Cristian Yapura; junto a otras autoridades y equipos t\u00e9cnicos.<br>Aguas de Catamarca contin\u00faa trabajando de manera articulada con el Ministerio de Agua, Energ\u00eda y Medio Ambiente y los municipios para fortalecer los servicios de agua potable y saneamiento en distintos puntos de la provincia.<\/p>\n","protected":false},"excerpt":{"rendered":"<p>Con el objetivo de fortalecer los servicios de agua potable y saneamiento de cara a la pr\u00f3xima temporada de verano, Aguas de Catamarca SAPEM particip\u00f3 de una reuni\u00f3n de trabajo junto a autoridades provinciales y municipales para definir las principales acciones y obras a desarrollar en la localidad de Bel\u00e9n.Durante el encuentro se realiz\u00f3 un30<\/p>\n","protected":false},"author":4,"featured_media":4693,"comment_status":"closed","ping_status":"open","sticky":false,"template":"","format":"standard","meta":{"footnotes":""},"categories":[5],"tags":[],"_links":{"self":[{"href":"https:\/\/www.adcsapem.com.ar\/index.php?rest_route=\/wp\/v2\/posts\/4687"}],"collection":[{"href":"https:\/\/www.adcsapem.com.ar\/index.php?rest_route=\/wp\/v2\/posts"}],"about":[{"href":"https:\/\/www.adcsapem.com.ar\/index.php?rest_route=\/wp\/v2\/types\/post"}],"author":[{"embeddable":true,"href":"https:\/\/www.adcsapem.com.ar\/index.php?rest_route=\/wp\/v2\/users\/4"}],"replies":[{"embeddable":true,"href":"https:\/\/www.adcsapem.com.ar\/index.php?rest_route=%2Fwp%2Fv2%2Fcomments&post=4687"}],"version-history":[{"count":1,"href":"https:\/\/www.adcsapem.com.ar\/index.php?rest_route=\/wp\/v2\/posts\/4687\/revisions"}],"predecessor-version":[{"id":4689,"href":"https:\/\/www.adcsapem.com.ar\/index.php?rest_route=\/wp\/v2\/posts\/4687\/revisions\/4689"}],"wp:featuredmedia":[{"embeddable":true,"href":"https:\/\/www.adcsapem.com.ar\/index.php?rest_route=\/wp\/v2\/media\/4693"}],"wp:attachment":[{"href":"https:\/\/www.adcsapem.com.ar\/index.php?rest_route=%2Fwp%2Fv2%2Fmedia&parent=4687"}],"wp:term":[{"taxonomy":"category","embeddable":true,"href":"https:\/\/www.adcsapem.com.ar\/index.php?rest_route=%2Fwp%2Fv2%2Fcategories&post=4687"},{"taxonomy":"post_tag","embeddable":true,"href":"https:\/\/www.adcsapem.com.ar\/index.php?rest_route=%2Fwp%2Fv2%2Ftags&post=4687"}],"curies":[{"name":"wp","href":"https:\/\/api.w.org\/{rel}","templated":true}]}}